{"id":2605,"date":"2025-11-26T21:27:19","date_gmt":"2025-11-26T21:27:19","guid":{"rendered":"https:\/\/thebrando.com\/?p=2605"},"modified":"2026-02-03T20:23:49","modified_gmt":"2026-02-03T20:23:49","slug":"seabird-recovery-tetiaroa-conservation","status":"publish","type":"post","link":"https:\/\/thebrando.com\/fr\/seabird-recovery-tetiaroa-conservation\/","title":{"rendered":"Les oiseaux de mer prosp\u00e8rent \u00e0 nouveau \u00e0 Tetiaroa"},"content":{"rendered":"<section class=\"single-image-block\">\n        \n    <img decoding=\"async\" src=\"\" alt=\"\" class=\"animate-me\" \/>\n        \n<\/section>\n\n<section class=\"promo-bar\">\n    <div class=\"wrapper\">\n        <div class=\"promo-info\">\n            <h2>GIVING TUESDAY<\/h2>\n            <h3>Prot\u00e9geons nos oiseaux marins <\/h3>\n                            <a class=\"btn orange\" href=\"https:\/\/www.tetiaroasociety.org\/giving-tuesday\" target=\"_self\">FAIRE UN DON<\/a>\n                    <\/div>\n    <\/div>\n<\/section>\n\n\n<div class=\"wp-block-eds-animate-it-block eds-animate-block-save\"><div class=\"eds-animate animated edsanimate-sis-hidden\" data-eds-entry-animation=\"fadeInUp\" data-eds-entry-delay=\"0\" data-eds-entry-duration=\"1.5\" data-eds-entry-timing=\"ease-in-out\" data-eds-exit-animation=\"\" data-eds-exit-delay=\"0\" data-eds-exit-duration=\"0.5\" data-eds-exit-timing=\"linear\" data-eds-repeat-count=\"1\" data-eds-keep=\"yes\" data-eds-animate-on=\"scroll\" data-eds-scroll-offset=\"30\"><section class=\"simple-content-block\" >\n    <div class=\"wrapper\">\n\n                <div class=\"simple-content-wrap\"\n             style=\"max-width:850px; padding-top: 60px; padding-bottom: 30px;\">\n\n            <h2 style=\"text-align: center\">Les oiseaux marins \u00e0 Tetiaora<\/h2>\r\n<p style=\"text-align: center\" class=\"translation-block\">Tetiaroa abrite 16 esp\u00e8ces d'oiseaux, dont 11 esp\u00e8ces d'oiseaux marins nicheurs, du <a href=\"https:\/\/www.tetiaroasociety.org\/island\/birds\/brown-booby\" target=\"_self\">fou brun<\/a>, qui peut peser plus de 1.5 kg, \u00e0 la <a href=\"https:\/\/www.tetiaroasociety.org\/island\/birds\/white-common-tern\" target=\"_self\">sterne blanche<\/a>, \u00e9galement appel\u00e9e sterne f\u00e9e en raison de sa petite silhouette d\u00e9licate et gracieuse.<\/p>\r\n<p style=\"text-align: center\">Apr\u00e8s avoir suivi leurs trajectoires de vol et leur saison de reproduction, des chercheurs sp\u00e9cialistes en biologie aviaire accueillis par la Tetiaroa Society ont identifi\u00e9 des esp\u00e8ces invasives qui avaient un impact n\u00e9gatif sur la survie des oisillons.<\/p>\n        <\/div>\n\n    <\/div>\n\n<\/section><\/div><\/div>\n\n\n<section class=\"single-image-block\">\n        <div class=\"wrapper\">\n    \n    <img decoding=\"async\" src=\"\" alt=\"\" class=\"animate-me\" \/>\n        <\/div>\n    \n<\/section>\n\n\n<div class=\"wp-block-eds-animate-it-block eds-animate-block-save\"><div class=\"eds-animate animated edsanimate-sis-hidden\" data-eds-entry-animation=\"fadeInUp\" data-eds-entry-delay=\"0\" data-eds-entry-duration=\"1.5\" data-eds-entry-timing=\"ease-in-out\" data-eds-exit-animation=\"\" data-eds-exit-delay=\"0\" data-eds-exit-duration=\"0.5\" data-eds-exit-timing=\"linear\" data-eds-repeat-count=\"1\" data-eds-keep=\"yes\" data-eds-animate-on=\"scroll\" data-eds-scroll-offset=\"30\"><section class=\"simple-content-block\" >\n    <div class=\"wrapper\">\n\n                <div class=\"simple-content-wrap\"\n             style=\"max-width:1000px; padding-top: 60px; padding-bottom: 30px;\">\n\n            <h3 style=\"text-align: center\">Une pr\u00e9dation pr\u00e9occupante<\/h3>\r\n<p style=\"text-align: center\">Les nouvelles g\u00e9n\u00e9rations d\u2019oiseaux marins \u00e9taient victimes de pr\u00e9dateurs : les rats mangeaient les \u0153ufs de sterne blanche avant qu'ils n'\u00e9closent et les fourmis folles jaunes attaquaient les noddis bruns juv\u00e9niles, entra\u00eenant un taux de mortalit\u00e9 tr\u00e8s \u00e9lev\u00e9 sur plusieurs motu. Les fous masqu\u00e9s ont m\u00eame disparu de l'atoll pendant des ann\u00e9es et les premiers poussins aper\u00e7us en 2022, issus d'un couple, \u00e9taient un v\u00e9ritable signe d'espoir !<\/p>\r\n<p style=\"text-align: center\">Sur les 12 motu de Tetiaroa, les rats \u00e9taient pr\u00e9sents sur 10 et les fourmis folles jaunes sur 4.<\/p>\r\n<p style=\"text-align: center\">La situation \u00e9tait pr\u00e9occupante, car les oiseaux marins sont des ing\u00e9nieurs de l'\u00e9cosyst\u00e8me. Leurs d\u00e9jections, ou guano, sont riches en nutriments qui fertilisent les r\u00e9cifs coralliens. Des populations d'oiseaux marins renouvel\u00e9es entretiennent un r\u00e9cif sain, abritant la vie marine essentielle pour la sant\u00e9 des oc\u00e9ans.<\/p>\r\n<p style=\"text-align: center\">C'est pourquoi, en 2018, <a href=\"https:\/\/www.tetiaroasociety.org\/\">Tetiaroa Society<\/a>, l'organisme de conservation \u00e0 but non lucratif de l'\u00e9co-resort The Brando, a lanc\u00e9 le <a href=\"https:\/\/www.tetiaroasociety.org\/programs\/conservation\/tarp-rat-eradication\">Programme de restauration de l'atoll de Tetiaroa (TARP)<\/a> avec une mission ambitieuse : r\u00e9tablir l'\u00e9quilibre naturel en \u00e9liminant les nuisibles et en prot\u00e9geant la biodiversit\u00e9.<\/p>\n        <\/div>\n\n    <\/div>\n\n<\/section><\/div><\/div>\n\n\n\n<div class=\"wp-block-eds-animate-it-block eds-animate-block-save\"><div class=\"eds-animate animated edsanimate-sis-hidden\" data-eds-entry-animation=\"fadeInDown\" data-eds-entry-delay=\"0\" data-eds-entry-duration=\"1.5\" data-eds-entry-timing=\"ease-in-out\" data-eds-exit-animation=\"\" data-eds-exit-delay=\"0\" data-eds-exit-duration=\"0.5\" data-eds-exit-timing=\"linear\" data-eds-repeat-count=\"1\" data-eds-keep=\"yes\" data-eds-animate-on=\"scroll\" data-eds-scroll-offset=\"30\"><section class=\"split-img-content-block h2-small h2-fancy atoll\">\n    <div class=\"wrapper\">\n        <div class=\"flex_container flex_two\">\n            <div class=\"flex_item\">\n                <div class=\"split-img ribbon-decoration\">\n                                        <img decoding=\"async\" src=\"\" alt=\"\" \/>\n                <\/div>\n            <\/div>\n            <div class=\"flex_item\">\n                <div class=\"split-content\">\n                    <h3 style=\"text-align: left\">Des r\u00e9sultats encourageants<\/h3>\r\n<p style=\"text-align: left\">Aujourd'hui, chacun des 12 motus de Tetiaroa a \u00e9t\u00e9 trait\u00e9 contre les rats. Les infestations de fourmis folles jaunes ont \u00e9t\u00e9 \u00e9limin\u00e9es. Et les colonies d\u2019oiseaux prosp\u00e8rent.<\/p>\r\n<p style=\"text-align: left\" class=\"translation-block\">Le nombre de <strong>sternes blanches<\/strong> a plus que doubl\u00e9. 175 nids avaient \u00e9t\u00e9 recens\u00e9s avant le lancement du TARP. En 2022, nous en avons compt\u00e9 460. Le nombre de nids a \u00e9t\u00e9 multipli\u00e9 par 2,6 dans les zones d\u00e9sormais exemptes de rats. 77 % des \u0153ufs \u00e9closent et 90 % des juv\u00e9niles survivent jusqu'\u00e0 l'envol.<\/p>\r\n<p style=\"text-align: left\" class=\"translation-block\">Les colonies de <strong>noddis bruns<\/strong> sont \u00e9galement en train de se r\u00e9tablir. Apr\u00e8s l'\u00e9limination des fourmis folles jaunes, le nombre de nids a \u00e9t\u00e9 multipli\u00e9 par 2,8 en seulement un an. En 2022, nous avons suivi l\u2019\u00e9volution de 502 \u0153ufs : environ la moiti\u00e9 ont \u00e9clos, un revirement positif par rapport aux pertes quasi totales que nous constations auparavant sur plusieurs motu.<\/p>\r\n<p style=\"text-align: left\"><strong>Les nichons masqu\u00e9s<\/strong> <strong>Les fous masqu\u00e9s<\/strong> sont de retour sur l'atoll. Entre 1994 et 2021, aucune observation de cette esp\u00e8ce n'avait \u00e9t\u00e9 enregistr\u00e9e \u00e0 Tetiaroa. Depuis 2022, chaque ann\u00e9e un juv\u00e9nile a r\u00e9ussi \u00e0 prendre son envol.<\/p>                <\/div>\n            <\/div>\n        <\/div>\n    <\/div>\n<\/section><\/div><\/div>\n\n\n\n<div class=\"wp-block-eds-animate-it-block eds-animate-block-save\"><div class=\"eds-animate animated edsanimate-sis-hidden\" data-eds-entry-animation=\"fadeInUp\" data-eds-entry-delay=\"0\" data-eds-entry-duration=\"1.5\" data-eds-entry-timing=\"ease-in-out\" data-eds-exit-animation=\"\" data-eds-exit-delay=\"0\" data-eds-exit-duration=\"0.5\" data-eds-exit-timing=\"linear\" data-eds-repeat-count=\"1\" data-eds-keep=\"yes\" data-eds-animate-on=\"scroll\" data-eds-scroll-offset=\"30\"><section class=\"simple-content-block\" >\n    <div class=\"wrapper\">\n\n                <div class=\"simple-content-wrap\"\n             style=\"max-width:1000px; padding-top: 60px; padding-bottom: 30px;\">\n\n            <h3 style=\"text-align: center\">Prochaines \u00e9tapes<\/h3>\r\n<p style=\"text-align: center\" class=\"translation-block\">Le travail de TARP a port\u00e9 ses fruits. En 2024, nous avons re\u00e7u le label <em>La Mer en Commun<\/em> du gouvernement de la Polyn\u00e9sie fran\u00e7aise, qui reconna\u00eet notre contribution \u00e0 \u00ab la pr\u00e9servation des r\u00e9cifs coralliens et de la sant\u00e9 des lagons, sources de vie, de biodiversit\u00e9 et de bien-\u00eatre communautaire \u00bb.<\/p>\r\n<p style=\"text-align: center\">Mais la restauration doit rester un effort continu pour conserver l\u2019\u00e9quilibre fragile. La nature peut se r\u00e9g\u00e9n\u00e9rer remarquablement vite lorsqu'on lui en donne la possibilit\u00e9, mais les esp\u00e8ces invasives peuvent revenir. R\u00e9cemment quelques rats ont \u00e9t\u00e9 observ\u00e9s sur un motu malgr\u00e9 une \u00e9radication totale, et une nouvelle campagne sera bient\u00f4t lanc\u00e9e.<\/p>\r\n<p style=\"text-align: center\">La surveillance continue car la protection des nids et la lutte contre les nuisibles sont essentielles pour assurer la survie de la prochaine g\u00e9n\u00e9ration d'oiseaux marins et des r\u00e9cifs coralliens. Tetiaroa est la preuve que la restauration des \u00e9cosyst\u00e8mes d\u2019atolls fonctionne. Dans un monde confront\u00e9 au changement climatique et \u00e0 la perte de biodiversit\u00e9, nous essayons d\u2019\u00eatre un mod\u00e8le inspirant pour la conservation partout dans le monde...<\/p>\n        <\/div>\n\n    <\/div>\n\n<\/section><\/div><\/div>\n\n\n<section class=\"single-image-block\">\n        <div class=\"wrapper\">\n    \n    <img decoding=\"async\" src=\"\" alt=\"\" class=\"animate-me\" \/>\n        <\/div>\n    \n<\/section>\n\n\n<div class=\"wp-block-eds-animate-it-block eds-animate-block-save\"><div class=\"eds-animate animated edsanimate-sis-hidden\" data-eds-entry-animation=\"fadeInUp\" data-eds-entry-delay=\"0\" data-eds-entry-duration=\"1.5\" data-eds-entry-timing=\"ease-in-out\" data-eds-exit-animation=\"\" data-eds-exit-delay=\"0\" data-eds-exit-duration=\"0.5\" data-eds-exit-timing=\"linear\" data-eds-repeat-count=\"1\" data-eds-keep=\"yes\" data-eds-animate-on=\"scroll\" data-eds-scroll-offset=\"30\"><section class=\"simple-content-block\" >\n    <div class=\"wrapper\">\n\n                <div class=\"simple-content-wrap\"\n             style=\"max-width:850px; padding-top: 60px; padding-bottom: 30px;\">\n\n            <h3 style=\"text-align: center\">Comment participer<\/h3>\r\n<p style=\"text-align: center\">Tetiaroa Society s\u2019engage \u00e0 doubler chaque don effectu\u00e9 lors de ce Giving Tuesday, \u00e0 hauteur de <strong>$20,000 dollars.\r\n<\/strong>Cela signifie que 100 dollars de dons deviendront 200 dollars.<\/p>\r\n<p style=\"text-align: center\">Il nous met au d\u00e9fi de doubler notre impact sur l'\u00eele, et votre soutien nous est pr\u00e9cieux :<\/p>\r\n<p style=\"text-align: center\"><a href=\"https:\/\/www.tetiaroasociety.org\/giving-tuesday\">Giving Tuesday : Prot\u00e9geons nos oiseaux marins<\/a><\/p>\r\n&nbsp;\n        <\/div>\n\n    <\/div>\n\n<\/section><\/div><\/div>\n\n\n\n<style>\n\/* HEADER & PROMOBAR *\/\n.promo-bar {\n  top: 0px !important;\n  margin-bottom: 0px !important;\n}\n\/* Remove default WP block gap or section margin between image block and promo bar *\/\n.entry-content > .single-image-block + .promo-bar {\n  margin-top: 0px !important;       \/* kill top margin on promo bar *\/\n}\n\n.entry-content > .single-image-block {\n  margin-bottom: 0 !important;    \/* kill bottom margin on image block *\/\n  padding-bottom: 0 !important;   \/* just in case *\/\n}\n\n.entry-content {\n  gap: 0 !important;\n  row-gap: 0 !important;\n}\n\n\/* If WP block gap is applied via gap\/row-gap *\/\n.entry-content {\n  row-gap: 0 !important;\n  gap: 0 !important;\n}\n \n.single-image-block img {\nwidth: 100% !important;;\nheight: 100% !important;;\nobject-fit: cover;\n}\n\n\n<\/style>\n\n\n\n<style>\n\/* SPACE BETWEEN NATI INTRO AND CONTENT *\/\n.single-image-block img {\n  display: block;\n}\n\n\/* 2) Remove spacing between these two specific blocks *\/\n.entry-content > .single-image-block {\n  margin-bottom: 0 !important;\n  padding-bottom: 0 !important;\n}\n\n\/* The next sibling is that animated wrapper DIV; remove its top margin *\/\n.entry-content > .wp-block-eds-animate-it-block {\n  margin-top: 0 !important;\n  padding-top: 0 !important;\n}\n\n\/* 3) WordPress \u201cblock gap\u201d often injects space between direct children *\/\n.entry-content { \n  gap: 0 !important; \n  row-gap: 0 !important;\n}\n.entry-content > * + * {\n  margin-block-start: 0 !important;\n}\n\n\/* 4) OVERRIDE THE INLINE 60px (needs !important to beat inline style) *\/\n.entry-content .wp-block-eds-animate-it-block .simple-content-wrap {\n  padding-top: 10px !important;   \/* tweak this value to taste *\/\n}\n\n\/* (optional) also ensure the section itself isn\u2019t adding a top gap *\/\n.entry-content .simple-content-block {\n  margin-top: 0 !important;\n  padding-top: 0 !important;  \/* content spacing is now controlled by .simple-content-wrap above *\/\n}\n<\/style>","protected":false},"excerpt":{"rendered":"","protected":false},"author":7,"featured_media":2616,"comment_status":"closed","ping_status":"closed","sticky":false,"template":"single-full.php","format":"standard","meta":{"_acf_changed":false,"footnotes":""},"categories":[61,63],"tags":[],"post_folder":[],"class_list":["post-2605","post","type-post","status-publish","format-standard","has-post-thumbnail","hentry","category-collaborations","category-news"],"acf":[],"yoast_head":"<!-- This site is optimized with the Yoast SEO plugin v27.3 - https:\/\/yoast.com\/product\/yoast-seo-wordpress\/ -->\n<title>South Pacific Seabird Conservation And Recovery On Tetiaroa<\/title>\n<meta name=\"description\" content=\"South Pacific seabird populations are rebounding on Tetiaroa, but their future depends on continued support. Donate today to protect this vital ecosystem.\" \/>\n<meta name=\"robots\" content=\"index, follow, max-snippet:-1, max-image-preview:large, max-video-preview:-1\" \/>\n<link rel=\"canonical\" href=\"https:\/\/thebrando.com\/fr\/seabird-recovery-tetiaroa-conservation\/\" \/>\n<meta property=\"og:locale\" content=\"fr_FR\" \/>\n<meta property=\"og:type\" content=\"article\" \/>\n<meta property=\"og:title\" content=\"South Pacific Seabird Conservation And Recovery On Tetiaroa\" \/>\n<meta property=\"og:description\" content=\"South Pacific seabird populations are rebounding on Tetiaroa, but their future depends on continued support. Donate today to protect this vital ecosystem.\" \/>\n<meta property=\"og:url\" content=\"https:\/\/thebrando.com\/fr\/seabird-recovery-tetiaroa-conservation\/\" \/>\n<meta property=\"og:site_name\" content=\"The Brando\" \/>\n<meta property=\"article:published_time\" content=\"2025-11-26T21:27:19+00:00\" \/>\n<meta property=\"article:modified_time\" content=\"2026-02-03T20:23:49+00:00\" \/>\n<meta property=\"og:image\" content=\"https:\/\/thebrando.com\/wp-content\/uploads\/2025\/11\/DSC_0232-scaled.jpeg\" \/>\n\t<meta property=\"og:image:width\" content=\"2560\" \/>\n\t<meta property=\"og:image:height\" content=\"1707\" \/>\n\t<meta property=\"og:image:type\" content=\"image\/jpeg\" \/>\n<meta name=\"author\" content=\"arnaud.zeh\" \/>\n<meta name=\"twitter:card\" content=\"summary_large_image\" \/>\n<meta name=\"twitter:label1\" content=\"\u00c9crit par\" \/>\n\t<meta name=\"twitter:data1\" content=\"arnaud.zeh\" \/>\n\t<meta name=\"twitter:label2\" content=\"Dur\u00e9e de lecture estim\u00e9e\" \/>\n\t<meta name=\"twitter:data2\" content=\"1 minute\" \/>\n<script type=\"application\/ld+json\" class=\"yoast-schema-graph\">{\"@context\":\"https:\\\/\\\/schema.org\",\"@graph\":[{\"@type\":\"Article\",\"@id\":\"https:\\\/\\\/thebrando.com\\\/seabird-recovery-tetiaroa-conservation\\\/#article\",\"isPartOf\":{\"@id\":\"https:\\\/\\\/thebrando.com\\\/seabird-recovery-tetiaroa-conservation\\\/\"},\"author\":{\"name\":\"arnaud.zeh\",\"@id\":\"https:\\\/\\\/thebrando.com\\\/#\\\/schema\\\/person\\\/13f5b52bdc3229eeea336820fdc6ba25\"},\"headline\":\"Seabirds thriving again in Tetiaroa\",\"datePublished\":\"2025-11-26T21:27:19+00:00\",\"dateModified\":\"2026-02-03T20:23:49+00:00\",\"mainEntityOfPage\":{\"@id\":\"https:\\\/\\\/thebrando.com\\\/seabird-recovery-tetiaroa-conservation\\\/\"},\"wordCount\":5,\"image\":{\"@id\":\"https:\\\/\\\/thebrando.com\\\/seabird-recovery-tetiaroa-conservation\\\/#primaryimage\"},\"thumbnailUrl\":\"https:\\\/\\\/thebrando.com\\\/wp-content\\\/uploads\\\/2025\\\/11\\\/DSC_0232-scaled.jpeg\",\"articleSection\":[\"Collaborations\",\"News\"],\"inLanguage\":\"fr-FR\"},{\"@type\":\"WebPage\",\"@id\":\"https:\\\/\\\/thebrando.com\\\/seabird-recovery-tetiaroa-conservation\\\/\",\"url\":\"https:\\\/\\\/thebrando.com\\\/seabird-recovery-tetiaroa-conservation\\\/\",\"name\":\"South Pacific Seabird Conservation And Recovery On Tetiaroa\",\"isPartOf\":{\"@id\":\"https:\\\/\\\/thebrando.com\\\/#website\"},\"primaryImageOfPage\":{\"@id\":\"https:\\\/\\\/thebrando.com\\\/seabird-recovery-tetiaroa-conservation\\\/#primaryimage\"},\"image\":{\"@id\":\"https:\\\/\\\/thebrando.com\\\/seabird-recovery-tetiaroa-conservation\\\/#primaryimage\"},\"thumbnailUrl\":\"https:\\\/\\\/thebrando.com\\\/wp-content\\\/uploads\\\/2025\\\/11\\\/DSC_0232-scaled.jpeg\",\"datePublished\":\"2025-11-26T21:27:19+00:00\",\"dateModified\":\"2026-02-03T20:23:49+00:00\",\"author\":{\"@id\":\"https:\\\/\\\/thebrando.com\\\/#\\\/schema\\\/person\\\/13f5b52bdc3229eeea336820fdc6ba25\"},\"description\":\"South Pacific seabird populations are rebounding on Tetiaroa, but their future depends on continued support. Donate today to protect this vital ecosystem.\",\"breadcrumb\":{\"@id\":\"https:\\\/\\\/thebrando.com\\\/seabird-recovery-tetiaroa-conservation\\\/#breadcrumb\"},\"inLanguage\":\"fr-FR\",\"potentialAction\":[{\"@type\":\"ReadAction\",\"target\":[\"https:\\\/\\\/thebrando.com\\\/seabird-recovery-tetiaroa-conservation\\\/\"]}]},{\"@type\":\"ImageObject\",\"inLanguage\":\"fr-FR\",\"@id\":\"https:\\\/\\\/thebrando.com\\\/seabird-recovery-tetiaroa-conservation\\\/#primaryimage\",\"url\":\"https:\\\/\\\/thebrando.com\\\/wp-content\\\/uploads\\\/2025\\\/11\\\/DSC_0232-scaled.jpeg\",\"contentUrl\":\"https:\\\/\\\/thebrando.com\\\/wp-content\\\/uploads\\\/2025\\\/11\\\/DSC_0232-scaled.jpeg\",\"width\":2560,\"height\":1707},{\"@type\":\"BreadcrumbList\",\"@id\":\"https:\\\/\\\/thebrando.com\\\/seabird-recovery-tetiaroa-conservation\\\/#breadcrumb\",\"itemListElement\":[{\"@type\":\"ListItem\",\"position\":1,\"name\":\"Home\",\"item\":\"https:\\\/\\\/thebrando.com\\\/\"},{\"@type\":\"ListItem\",\"position\":2,\"name\":\"Seabirds thriving again in Tetiaroa\"}]},{\"@type\":\"WebSite\",\"@id\":\"https:\\\/\\\/thebrando.com\\\/#website\",\"url\":\"https:\\\/\\\/thebrando.com\\\/\",\"name\":\"The Brando\",\"description\":\"Luxury Resort in French Polynesia\",\"potentialAction\":[{\"@type\":\"SearchAction\",\"target\":{\"@type\":\"EntryPoint\",\"urlTemplate\":\"https:\\\/\\\/thebrando.com\\\/?s={search_term_string}\"},\"query-input\":{\"@type\":\"PropertyValueSpecification\",\"valueRequired\":true,\"valueName\":\"search_term_string\"}}],\"inLanguage\":\"fr-FR\"},{\"@type\":\"Person\",\"@id\":\"https:\\\/\\\/thebrando.com\\\/#\\\/schema\\\/person\\\/13f5b52bdc3229eeea336820fdc6ba25\",\"name\":\"arnaud.zeh\",\"image\":{\"@type\":\"ImageObject\",\"inLanguage\":\"fr-FR\",\"@id\":\"https:\\\/\\\/secure.gravatar.com\\\/avatar\\\/5c7ac9ca1e7ac4ce342df87a95e6ed799cb54f395275d395ff0ee8c571d2e35a?s=96&d=mm&r=g\",\"url\":\"https:\\\/\\\/secure.gravatar.com\\\/avatar\\\/5c7ac9ca1e7ac4ce342df87a95e6ed799cb54f395275d395ff0ee8c571d2e35a?s=96&d=mm&r=g\",\"contentUrl\":\"https:\\\/\\\/secure.gravatar.com\\\/avatar\\\/5c7ac9ca1e7ac4ce342df87a95e6ed799cb54f395275d395ff0ee8c571d2e35a?s=96&d=mm&r=g\",\"caption\":\"arnaud.zeh\"},\"url\":\"https:\\\/\\\/thebrando.com\\\/fr\\\/author\\\/arnaud-zeh\\\/\"}]}<\/script>\n<!-- \/ Yoast SEO plugin. -->","yoast_head_json":{"title":"South Pacific Seabird Conservation And Recovery On Tetiaroa","description":"South Pacific seabird populations are rebounding on Tetiaroa, but their future depends on continued support. Donate today to protect this vital ecosystem.","robots":{"index":"index","follow":"follow","max-snippet":"max-snippet:-1","max-image-preview":"max-image-preview:large","max-video-preview":"max-video-preview:-1"},"canonical":"https:\/\/thebrando.com\/fr\/seabird-recovery-tetiaroa-conservation\/","og_locale":"fr_FR","og_type":"article","og_title":"South Pacific Seabird Conservation And Recovery On Tetiaroa","og_description":"South Pacific seabird populations are rebounding on Tetiaroa, but their future depends on continued support. Donate today to protect this vital ecosystem.","og_url":"https:\/\/thebrando.com\/fr\/seabird-recovery-tetiaroa-conservation\/","og_site_name":"The Brando","article_published_time":"2025-11-26T21:27:19+00:00","article_modified_time":"2026-02-03T20:23:49+00:00","og_image":[{"width":2560,"height":1707,"url":"https:\/\/thebrando.com\/wp-content\/uploads\/2025\/11\/DSC_0232-scaled.jpeg","type":"image\/jpeg"}],"author":"arnaud.zeh","twitter_card":"summary_large_image","twitter_misc":{"\u00c9crit par":"arnaud.zeh","Dur\u00e9e de lecture estim\u00e9e":"1 minute"},"schema":{"@context":"https:\/\/schema.org","@graph":[{"@type":"Article","@id":"https:\/\/thebrando.com\/seabird-recovery-tetiaroa-conservation\/#article","isPartOf":{"@id":"https:\/\/thebrando.com\/seabird-recovery-tetiaroa-conservation\/"},"author":{"name":"arnaud.zeh","@id":"https:\/\/thebrando.com\/#\/schema\/person\/13f5b52bdc3229eeea336820fdc6ba25"},"headline":"Seabirds thriving again in Tetiaroa","datePublished":"2025-11-26T21:27:19+00:00","dateModified":"2026-02-03T20:23:49+00:00","mainEntityOfPage":{"@id":"https:\/\/thebrando.com\/seabird-recovery-tetiaroa-conservation\/"},"wordCount":5,"image":{"@id":"https:\/\/thebrando.com\/seabird-recovery-tetiaroa-conservation\/#primaryimage"},"thumbnailUrl":"https:\/\/thebrando.com\/wp-content\/uploads\/2025\/11\/DSC_0232-scaled.jpeg","articleSection":["Collaborations","News"],"inLanguage":"fr-FR"},{"@type":"WebPage","@id":"https:\/\/thebrando.com\/seabird-recovery-tetiaroa-conservation\/","url":"https:\/\/thebrando.com\/seabird-recovery-tetiaroa-conservation\/","name":"South Pacific Seabird Conservation And Recovery On Tetiaroa","isPartOf":{"@id":"https:\/\/thebrando.com\/#website"},"primaryImageOfPage":{"@id":"https:\/\/thebrando.com\/seabird-recovery-tetiaroa-conservation\/#primaryimage"},"image":{"@id":"https:\/\/thebrando.com\/seabird-recovery-tetiaroa-conservation\/#primaryimage"},"thumbnailUrl":"https:\/\/thebrando.com\/wp-content\/uploads\/2025\/11\/DSC_0232-scaled.jpeg","datePublished":"2025-11-26T21:27:19+00:00","dateModified":"2026-02-03T20:23:49+00:00","author":{"@id":"https:\/\/thebrando.com\/#\/schema\/person\/13f5b52bdc3229eeea336820fdc6ba25"},"description":"South Pacific seabird populations are rebounding on Tetiaroa, but their future depends on continued support. Donate today to protect this vital ecosystem.","breadcrumb":{"@id":"https:\/\/thebrando.com\/seabird-recovery-tetiaroa-conservation\/#breadcrumb"},"inLanguage":"fr-FR","potentialAction":[{"@type":"ReadAction","target":["https:\/\/thebrando.com\/seabird-recovery-tetiaroa-conservation\/"]}]},{"@type":"ImageObject","inLanguage":"fr-FR","@id":"https:\/\/thebrando.com\/seabird-recovery-tetiaroa-conservation\/#primaryimage","url":"https:\/\/thebrando.com\/wp-content\/uploads\/2025\/11\/DSC_0232-scaled.jpeg","contentUrl":"https:\/\/thebrando.com\/wp-content\/uploads\/2025\/11\/DSC_0232-scaled.jpeg","width":2560,"height":1707},{"@type":"BreadcrumbList","@id":"https:\/\/thebrando.com\/seabird-recovery-tetiaroa-conservation\/#breadcrumb","itemListElement":[{"@type":"ListItem","position":1,"name":"Home","item":"https:\/\/thebrando.com\/"},{"@type":"ListItem","position":2,"name":"Seabirds thriving again in Tetiaroa"}]},{"@type":"WebSite","@id":"https:\/\/thebrando.com\/#website","url":"https:\/\/thebrando.com\/","name":"Le Brandon","description":"Resort de luxe en Polyn\u00e9sie fran\u00e7aise","potentialAction":[{"@type":"SearchAction","target":{"@type":"EntryPoint","urlTemplate":"https:\/\/thebrando.com\/?s={search_term_string}"},"query-input":{"@type":"PropertyValueSpecification","valueRequired":true,"valueName":"search_term_string"}}],"inLanguage":"fr-FR"},{"@type":"Person","@id":"https:\/\/thebrando.com\/#\/schema\/person\/13f5b52bdc3229eeea336820fdc6ba25","name":"arnaud.zeh","image":{"@type":"ImageObject","inLanguage":"fr-FR","@id":"https:\/\/secure.gravatar.com\/avatar\/5c7ac9ca1e7ac4ce342df87a95e6ed799cb54f395275d395ff0ee8c571d2e35a?s=96&d=mm&r=g","url":"https:\/\/secure.gravatar.com\/avatar\/5c7ac9ca1e7ac4ce342df87a95e6ed799cb54f395275d395ff0ee8c571d2e35a?s=96&d=mm&r=g","contentUrl":"https:\/\/secure.gravatar.com\/avatar\/5c7ac9ca1e7ac4ce342df87a95e6ed799cb54f395275d395ff0ee8c571d2e35a?s=96&d=mm&r=g","caption":"arnaud.zeh"},"url":"https:\/\/thebrando.com\/fr\/author\/arnaud-zeh\/"}]}},"featured_image_src":"https:\/\/thebrando.com\/wp-content\/uploads\/2025\/11\/DSC_0232-600x400.jpeg","featured_image_src_square":"https:\/\/thebrando.com\/wp-content\/uploads\/2025\/11\/DSC_0232-600x600.jpeg","author_info":{"display_name":"arnaud.zeh","author_link":"https:\/\/thebrando.com\/fr\/author\/arnaud-zeh\/"},"_links":{"self":[{"href":"https:\/\/thebrando.com\/fr\/wp-json\/wp\/v2\/posts\/2605","targetHints":{"allow":["GET"]}}],"collection":[{"href":"https:\/\/thebrando.com\/fr\/wp-json\/wp\/v2\/posts"}],"about":[{"href":"https:\/\/thebrando.com\/fr\/wp-json\/wp\/v2\/types\/post"}],"author":[{"embeddable":true,"href":"https:\/\/thebrando.com\/fr\/wp-json\/wp\/v2\/users\/7"}],"replies":[{"embeddable":true,"href":"https:\/\/thebrando.com\/fr\/wp-json\/wp\/v2\/comments?post=2605"}],"version-history":[{"count":0,"href":"https:\/\/thebrando.com\/fr\/wp-json\/wp\/v2\/posts\/2605\/revisions"}],"wp:featuredmedia":[{"embeddable":true,"href":"https:\/\/thebrando.com\/fr\/wp-json\/wp\/v2\/media\/2616"}],"wp:attachment":[{"href":"https:\/\/thebrando.com\/fr\/wp-json\/wp\/v2\/media?parent=2605"}],"wp:term":[{"taxonomy":"category","embeddable":true,"href":"https:\/\/thebrando.com\/fr\/wp-json\/wp\/v2\/categories?post=2605"},{"taxonomy":"post_tag","embeddable":true,"href":"https:\/\/thebrando.com\/fr\/wp-json\/wp\/v2\/tags?post=2605"},{"taxonomy":"post_folder","embeddable":true,"href":"https:\/\/thebrando.com\/fr\/wp-json\/wp\/v2\/post_folder?post=2605"}],"curies":[{"name":"wp","href":"https:\/\/api.w.org\/{rel}","templated":true}]}}